{"id":9374,"date":"2024-05-08T08:57:13","date_gmt":"2024-05-08T06:57:13","guid":{"rendered":"https:\/\/www.alit-tech.com\/?p=9374"},"modified":"2025-09-09T10:43:45","modified_gmt":"2025-09-09T08:43:45","slug":"il-ceo-di-alit-technologies-sara-relatore-a-s-m-a-r-t-3","status":"publish","type":"post","link":"https:\/\/alit-tech.com\/it\/notizie\/il-ceo-di-alit-technologies-sara-relatore-a-s-m-a-r-t-3\/","title":{"rendered":"Il CEO di ALIT Technologies sar\u00e0 relatore a S.M.A.R.T. 3, il pi\u00f9 grande convegno in Italia sulla finitura del futuro tra innovazione e sostenibilit\u00e0"},"content":{"rendered":"\n<p><em>Il 22 maggio 2024, Loris Rossi, CEO di ALIT Technologies, parteciper\u00e0 in qualit\u00e0 di relatore a S.M.A.R.T. 3, la terza edizione del convegno biennale organizzato da UCIF, l\u2019Associazione Italiana federata ad ANIMA Confindustria Meccanica e dedicata alla rappresentanza dei costruttori di impianti di finitura. La relazione verter\u00e0 sui vantaggi e sulle potenzialit\u00e0 del processo di sverniciatura in linea.<\/em><\/p>\n\n\n\n<figure class=\"wp-block-image size-large\"><img decoding=\"async\" width=\"1024\" height=\"720\" src=\"https:\/\/www.alit-tech.com\/wp-content\/uploads\/2024\/05\/Immagine-allegata-a-comunicato-1-1024x720.png\" alt=\"\" class=\"wp-image-9375\" srcset=\"https:\/\/alit-tech.com\/wp-content\/uploads\/2024\/05\/Immagine-allegata-a-comunicato-1-1024x720.png 1024w, https:\/\/alit-tech.com\/wp-content\/uploads\/2024\/05\/Immagine-allegata-a-comunicato-1-300x211.png 300w, https:\/\/alit-tech.com\/wp-content\/uploads\/2024\/05\/Immagine-allegata-a-comunicato-1-768x540.png 768w, https:\/\/alit-tech.com\/wp-content\/uploads\/2024\/05\/Immagine-allegata-a-comunicato-1.png 1230w\" sizes=\"(max-width: 1024px) 100vw, 1024px\" \/><\/figure>\n\n\n\n<p>Siamo lieti di informarvi che Loris Rossi, fondatore e amministratore delegato di ALIT Technologies, sar\u00e0 uno degli speaker della terza edizione del convegno S.M.A.R.T. (Surface. Manufacturing. Advanced. Research. Trends) che si terr\u00e0 il 22 maggio 2024 presso il Centro Congressi Fondazione Cariplo di Milano.<\/p>\n\n\n\n<p>Organizzato da UCIF \u2013 Unione Costruttori Impianti di Finitura, l\u2019evento vedr\u00e0 il susseguirsi di interventi tenuti da professionisti del settore che discuteranno il futuro della finitura, ponendo l\u2019accento sull\u2019innovazione e sulla sostenibilit\u00e0.<\/p>\n\n\n\n<p>Loris Rossi, in qualit\u00e0 di CEO di un\u2019azienda fortemente guidata dallo spirito di costante crescita, terr\u00e0 una relazione sulle grandi potenzialit\u00e0 della sverniciatura in linea, che si presenta oggi come un\u2019incredibile opportunit\u00e0 per raggiungere un\u2019elevata automazione della linea di verniciatura.<\/p>\n\n\n\n<p>Eventi come S.M.A.R.T. svolgono un ruolo fondamentale nel facilitare lo scambio di conoscenze e rappresentano valide occasioni di networking nel settore del trattamento delle superfici e della finitura. Per tale motivo, ALIT Technologies \u00e8 entusiasta di partecipare attivamente all\u2019iniziativa e di fornire anche il suo punto di vista sulle potenzialit\u00e0 dell\u2019evoluzione di questa industria.<\/p>\n","protected":false},"excerpt":{"rendered":"<p>Il 22 maggio 2024, Loris Rossi, CEO di ALIT Technologies, parteciper\u00e0 in qualit\u00e0 di relatore a S.M.A.R.T. 3, la terza edizione del convegno biennale organizzato da UCIF, l\u2019Associazione Italiana federata ad ANIMA Confindustria Meccanica e dedicata alla rappresentanza dei costruttori di impianti di finitura. La relazione verter\u00e0 sui vantaggi e sulle potenzialit\u00e0 del processo di [&hellip;]<\/p>\n","protected":false},"author":3,"featured_media":9370,"comment_status":"closed","ping_status":"closed","sticky":false,"template":"","format":"standard","meta":{"_acf_changed":false,"footnotes":""},"categories":[10],"tags":[57,92,60],"class_list":["post-9374","post","type-post","status-publish","format-standard","has-post-thumbnail","hentry","category-notizie","tag-alit-2","tag-alit-technologies-it","tag-smart"],"acf":[],"yoast_head":"<!-- This site is optimized with the Yoast SEO plugin v23.1 - https:\/\/yoast.com\/wordpress\/plugins\/seo\/ -->\n<title>CEO Alit Tech relatore a S.M.A.R.T. 3: Innovazione<\/title>\n<meta name=\"description\" content=\"Il CEO di Alit Technologies sar\u00e0 relatore all&#039;evento S-M-A-R-T 3. Scopri di pi\u00f9 sulla sua partecipazione e gli argomenti trattati. Approfondimenti e innovazione tecnologica\" \/>\n<meta name=\"robots\" content=\"index, follow, max-snippet:-1, max-image-preview:large, max-video-preview:-1\" \/>\n<link rel=\"canonical\" href=\"https:\/\/alit-tech.com\/it\/notizie\/il-ceo-di-alit-technologies-sara-relatore-a-s-m-a-r-t-3\/\" \/>\n<meta property=\"og:locale\" content=\"it_IT\" \/>\n<meta property=\"og:type\" content=\"article\" \/>\n<meta property=\"og:title\" content=\"CEO Alit Tech relatore a S.M.A.R.T. 3: Innovazione\" \/>\n<meta property=\"og:description\" content=\"Il CEO di Alit Technologies sar\u00e0 relatore all&#039;evento S-M-A-R-T 3. Scopri di pi\u00f9 sulla sua partecipazione e gli argomenti trattati. Approfondimenti e innovazione tecnologica\" \/>\n<meta property=\"og:url\" content=\"https:\/\/alit-tech.com\/it\/notizie\/il-ceo-di-alit-technologies-sara-relatore-a-s-m-a-r-t-3\/\" \/>\n<meta property=\"og:site_name\" content=\"Alit technologies Spa\" \/>\n<meta property=\"article:published_time\" content=\"2024-05-08T06:57:13+00:00\" \/>\n<meta property=\"article:modified_time\" content=\"2025-09-09T08:43:45+00:00\" \/>\n<meta property=\"og:image\" content=\"https:\/\/alit-tech.com\/wp-content\/uploads\/2024\/05\/Immagine-allegata-a-comunicato.png\" \/>\n\t<meta property=\"og:image:width\" content=\"1230\" \/>\n\t<meta property=\"og:image:height\" content=\"865\" \/>\n\t<meta property=\"og:image:type\" content=\"image\/png\" \/>\n<meta name=\"author\" content=\"alit\" \/>\n<meta name=\"twitter:card\" content=\"summary_large_image\" \/>\n<meta name=\"twitter:label1\" content=\"Scritto da\" \/>\n\t<meta name=\"twitter:data1\" content=\"alit\" \/>\n\t<meta name=\"twitter:label2\" content=\"Tempo di lettura stimato\" \/>\n\t<meta name=\"twitter:data2\" content=\"2 minuti\" \/>\n<script type=\"application\/ld+json\" class=\"yoast-schema-graph\">{\"@context\":\"https:\/\/schema.org\",\"@graph\":[{\"@type\":\"WebPage\",\"@id\":\"https:\/\/alit-tech.com\/it\/notizie\/il-ceo-di-alit-technologies-sara-relatore-a-s-m-a-r-t-3\/\",\"url\":\"https:\/\/alit-tech.com\/it\/notizie\/il-ceo-di-alit-technologies-sara-relatore-a-s-m-a-r-t-3\/\",\"name\":\"CEO Alit Tech relatore a S.M.A.R.T. 3: Innovazione\",\"isPartOf\":{\"@id\":\"https:\/\/alit-tech.com\/it\/#website\"},\"primaryImageOfPage\":{\"@id\":\"https:\/\/alit-tech.com\/it\/notizie\/il-ceo-di-alit-technologies-sara-relatore-a-s-m-a-r-t-3\/#primaryimage\"},\"image\":{\"@id\":\"https:\/\/alit-tech.com\/it\/notizie\/il-ceo-di-alit-technologies-sara-relatore-a-s-m-a-r-t-3\/#primaryimage\"},\"thumbnailUrl\":\"https:\/\/alit-tech.com\/wp-content\/uploads\/2024\/05\/Immagine-allegata-a-comunicato.png\",\"datePublished\":\"2024-05-08T06:57:13+00:00\",\"dateModified\":\"2025-09-09T08:43:45+00:00\",\"author\":{\"@id\":\"https:\/\/alit-tech.com\/it\/#\/schema\/person\/60c097c520e7bc621d201302607935ec\"},\"description\":\"Il CEO di Alit Technologies sar\u00e0 relatore all'evento S-M-A-R-T 3. Scopri di pi\u00f9 sulla sua partecipazione e gli argomenti trattati. Approfondimenti e innovazione tecnologica\",\"breadcrumb\":{\"@id\":\"https:\/\/alit-tech.com\/it\/notizie\/il-ceo-di-alit-technologies-sara-relatore-a-s-m-a-r-t-3\/#breadcrumb\"},\"inLanguage\":\"it-IT\",\"potentialAction\":[{\"@type\":\"ReadAction\",\"target\":[\"https:\/\/alit-tech.com\/it\/notizie\/il-ceo-di-alit-technologies-sara-relatore-a-s-m-a-r-t-3\/\"]}]},{\"@type\":\"ImageObject\",\"inLanguage\":\"it-IT\",\"@id\":\"https:\/\/alit-tech.com\/it\/notizie\/il-ceo-di-alit-technologies-sara-relatore-a-s-m-a-r-t-3\/#primaryimage\",\"url\":\"https:\/\/alit-tech.com\/wp-content\/uploads\/2024\/05\/Immagine-allegata-a-comunicato.png\",\"contentUrl\":\"https:\/\/alit-tech.com\/wp-content\/uploads\/2024\/05\/Immagine-allegata-a-comunicato.png\",\"width\":1230,\"height\":865},{\"@type\":\"BreadcrumbList\",\"@id\":\"https:\/\/alit-tech.com\/it\/notizie\/il-ceo-di-alit-technologies-sara-relatore-a-s-m-a-r-t-3\/#breadcrumb\",\"itemListElement\":[{\"@type\":\"ListItem\",\"position\":1,\"name\":\"Home\",\"item\":\"https:\/\/alit-tech.com\/it\/\"},{\"@type\":\"ListItem\",\"position\":2,\"name\":\"Il CEO di ALIT Technologies sar\u00e0 relatore a S.M.A.R.T. 3, il pi\u00f9 grande convegno in Italia sulla finitura del futuro tra innovazione e sostenibilit\u00e0\"}]},{\"@type\":\"WebSite\",\"@id\":\"https:\/\/alit-tech.com\/it\/#website\",\"url\":\"https:\/\/alit-tech.com\/it\/\",\"name\":\"Alit technologies Spa\",\"description\":\"\",\"potentialAction\":[{\"@type\":\"SearchAction\",\"target\":{\"@type\":\"EntryPoint\",\"urlTemplate\":\"https:\/\/alit-tech.com\/it\/?s={search_term_string}\"},\"query-input\":\"required name=search_term_string\"}],\"inLanguage\":\"it-IT\"},{\"@type\":\"Person\",\"@id\":\"https:\/\/alit-tech.com\/it\/#\/schema\/person\/60c097c520e7bc621d201302607935ec\",\"name\":\"alit\",\"image\":{\"@type\":\"ImageObject\",\"inLanguage\":\"it-IT\",\"@id\":\"https:\/\/alit-tech.com\/it\/#\/schema\/person\/image\/\",\"url\":\"https:\/\/alit-tech.com\/wp-content\/litespeed\/avatar\/4cbd9b79bce0a7e3a478badca7bdb2ee.jpg?ver=1777396179\",\"contentUrl\":\"https:\/\/alit-tech.com\/wp-content\/litespeed\/avatar\/4cbd9b79bce0a7e3a478badca7bdb2ee.jpg?ver=1777396179\",\"caption\":\"alit\"},\"url\":\"https:\/\/alit-tech.com\/it\/author\/alit\/\"}]}<\/script>\n<!-- \/ Yoast SEO plugin. -->","yoast_head_json":{"title":"CEO Alit Tech relatore a S.M.A.R.T. 3: Innovazione","description":"Il CEO di Alit Technologies sar\u00e0 relatore all'evento S-M-A-R-T 3. Scopri di pi\u00f9 sulla sua partecipazione e gli argomenti trattati. Approfondimenti e innovazione tecnologica","robots":{"index":"index","follow":"follow","max-snippet":"max-snippet:-1","max-image-preview":"max-image-preview:large","max-video-preview":"max-video-preview:-1"},"canonical":"https:\/\/alit-tech.com\/it\/notizie\/il-ceo-di-alit-technologies-sara-relatore-a-s-m-a-r-t-3\/","og_locale":"it_IT","og_type":"article","og_title":"CEO Alit Tech relatore a S.M.A.R.T. 3: Innovazione","og_description":"Il CEO di Alit Technologies sar\u00e0 relatore all'evento S-M-A-R-T 3. Scopri di pi\u00f9 sulla sua partecipazione e gli argomenti trattati. Approfondimenti e innovazione tecnologica","og_url":"https:\/\/alit-tech.com\/it\/notizie\/il-ceo-di-alit-technologies-sara-relatore-a-s-m-a-r-t-3\/","og_site_name":"Alit technologies Spa","article_published_time":"2024-05-08T06:57:13+00:00","article_modified_time":"2025-09-09T08:43:45+00:00","og_image":[{"width":1230,"height":865,"url":"https:\/\/alit-tech.com\/wp-content\/uploads\/2024\/05\/Immagine-allegata-a-comunicato.png","type":"image\/png"}],"author":"alit","twitter_card":"summary_large_image","twitter_misc":{"Scritto da":"alit","Tempo di lettura stimato":"2 minuti"},"schema":{"@context":"https:\/\/schema.org","@graph":[{"@type":"WebPage","@id":"https:\/\/alit-tech.com\/it\/notizie\/il-ceo-di-alit-technologies-sara-relatore-a-s-m-a-r-t-3\/","url":"https:\/\/alit-tech.com\/it\/notizie\/il-ceo-di-alit-technologies-sara-relatore-a-s-m-a-r-t-3\/","name":"CEO Alit Tech relatore a S.M.A.R.T. 3: Innovazione","isPartOf":{"@id":"https:\/\/alit-tech.com\/it\/#website"},"primaryImageOfPage":{"@id":"https:\/\/alit-tech.com\/it\/notizie\/il-ceo-di-alit-technologies-sara-relatore-a-s-m-a-r-t-3\/#primaryimage"},"image":{"@id":"https:\/\/alit-tech.com\/it\/notizie\/il-ceo-di-alit-technologies-sara-relatore-a-s-m-a-r-t-3\/#primaryimage"},"thumbnailUrl":"https:\/\/alit-tech.com\/wp-content\/uploads\/2024\/05\/Immagine-allegata-a-comunicato.png","datePublished":"2024-05-08T06:57:13+00:00","dateModified":"2025-09-09T08:43:45+00:00","author":{"@id":"https:\/\/alit-tech.com\/it\/#\/schema\/person\/60c097c520e7bc621d201302607935ec"},"description":"Il CEO di Alit Technologies sar\u00e0 relatore all'evento S-M-A-R-T 3. Scopri di pi\u00f9 sulla sua partecipazione e gli argomenti trattati. Approfondimenti e innovazione tecnologica","breadcrumb":{"@id":"https:\/\/alit-tech.com\/it\/notizie\/il-ceo-di-alit-technologies-sara-relatore-a-s-m-a-r-t-3\/#breadcrumb"},"inLanguage":"it-IT","potentialAction":[{"@type":"ReadAction","target":["https:\/\/alit-tech.com\/it\/notizie\/il-ceo-di-alit-technologies-sara-relatore-a-s-m-a-r-t-3\/"]}]},{"@type":"ImageObject","inLanguage":"it-IT","@id":"https:\/\/alit-tech.com\/it\/notizie\/il-ceo-di-alit-technologies-sara-relatore-a-s-m-a-r-t-3\/#primaryimage","url":"https:\/\/alit-tech.com\/wp-content\/uploads\/2024\/05\/Immagine-allegata-a-comunicato.png","contentUrl":"https:\/\/alit-tech.com\/wp-content\/uploads\/2024\/05\/Immagine-allegata-a-comunicato.png","width":1230,"height":865},{"@type":"BreadcrumbList","@id":"https:\/\/alit-tech.com\/it\/notizie\/il-ceo-di-alit-technologies-sara-relatore-a-s-m-a-r-t-3\/#breadcrumb","itemListElement":[{"@type":"ListItem","position":1,"name":"Home","item":"https:\/\/alit-tech.com\/it\/"},{"@type":"ListItem","position":2,"name":"Il CEO di ALIT Technologies sar\u00e0 relatore a S.M.A.R.T. 3, il pi\u00f9 grande convegno in Italia sulla finitura del futuro tra innovazione e sostenibilit\u00e0"}]},{"@type":"WebSite","@id":"https:\/\/alit-tech.com\/it\/#website","url":"https:\/\/alit-tech.com\/it\/","name":"Alit technologies Spa","description":"","potentialAction":[{"@type":"SearchAction","target":{"@type":"EntryPoint","urlTemplate":"https:\/\/alit-tech.com\/it\/?s={search_term_string}"},"query-input":"required name=search_term_string"}],"inLanguage":"it-IT"},{"@type":"Person","@id":"https:\/\/alit-tech.com\/it\/#\/schema\/person\/60c097c520e7bc621d201302607935ec","name":"alit","image":{"@type":"ImageObject","inLanguage":"it-IT","@id":"https:\/\/alit-tech.com\/it\/#\/schema\/person\/image\/","url":"https:\/\/alit-tech.com\/wp-content\/litespeed\/avatar\/4cbd9b79bce0a7e3a478badca7bdb2ee.jpg?ver=1777396179","contentUrl":"https:\/\/alit-tech.com\/wp-content\/litespeed\/avatar\/4cbd9b79bce0a7e3a478badca7bdb2ee.jpg?ver=1777396179","caption":"alit"},"url":"https:\/\/alit-tech.com\/it\/author\/alit\/"}]}},"_links":{"self":[{"href":"https:\/\/alit-tech.com\/it\/wp-json\/wp\/v2\/posts\/9374"}],"collection":[{"href":"https:\/\/alit-tech.com\/it\/wp-json\/wp\/v2\/posts"}],"about":[{"href":"https:\/\/alit-tech.com\/it\/wp-json\/wp\/v2\/types\/post"}],"author":[{"embeddable":true,"href":"https:\/\/alit-tech.com\/it\/wp-json\/wp\/v2\/users\/3"}],"replies":[{"embeddable":true,"href":"https:\/\/alit-tech.com\/it\/wp-json\/wp\/v2\/comments?post=9374"}],"version-history":[{"count":1,"href":"https:\/\/alit-tech.com\/it\/wp-json\/wp\/v2\/posts\/9374\/revisions"}],"predecessor-version":[{"id":9377,"href":"https:\/\/alit-tech.com\/it\/wp-json\/wp\/v2\/posts\/9374\/revisions\/9377"}],"wp:featuredmedia":[{"embeddable":true,"href":"https:\/\/alit-tech.com\/it\/wp-json\/wp\/v2\/media\/9370"}],"wp:attachment":[{"href":"https:\/\/alit-tech.com\/it\/wp-json\/wp\/v2\/media?parent=9374"}],"wp:term":[{"taxonomy":"category","embeddable":true,"href":"https:\/\/alit-tech.com\/it\/wp-json\/wp\/v2\/categories?post=9374"},{"taxonomy":"post_tag","embeddable":true,"href":"https:\/\/alit-tech.com\/it\/wp-json\/wp\/v2\/tags?post=9374"}],"curies":[{"name":"wp","href":"https:\/\/api.w.org\/{rel}","templated":true}]}}